{"id":4238,"date":"2026-06-11T14:21:51","date_gmt":"2026-06-11T14:21:51","guid":{"rendered":"https:\/\/www.homevillas360.com\/?p=4238"},"modified":"2026-06-11T14:29:57","modified_gmt":"2026-06-11T14:29:57","slug":"was-man-im-sommer-auf-mallorca","status":"publish","type":"post","link":"https:\/\/www.homevillas360.com\/de\/blog\/was-man-im-sommer-auf-mallorca\/","title":{"rendered":"Was man im Sommer auf Mallorca unternehmen kann: Tipps und beste Unterk\u00fcnfte"},"content":{"rendered":"\t\t<div data-elementor-type=\"wp-post\" data-elementor-id=\"4238\" class=\"elementor elementor-4238 elementor-4213\" data-elementor-post-type=\"post\">\n\t\t\t\t<div class=\"elementor-element elementor-element-06b5273 e-flex e-con-boxed e-con e-parent\" data-id=\"06b5273\" data-element_type=\"container\" data-e-type=\"container\">\n\t\t\t\t\t<div class=\"e-con-inner\">\n\t\t\t\t<div class=\"elementor-element elementor-element-e91f038 elementor-widget elementor-widget-text-editor\" data-id=\"e91f038\" data-element_type=\"widget\" data-e-type=\"widget\" data-widget_type=\"text-editor.default\">\n\t\t\t\t\t\t\t\t\t<p data-start=\"95\" data-end=\"247\">Wenn Sie wissen m\u00f6chten, was man im Sommer auf Mallorca unternehmen kann, ist der Schl\u00fcssel nicht nur die Wahl der Aktivit\u00e4ten, sondern auch die richtige Unterkunft, um Ihre Reise optimal zu nutzen.<\/p><p data-start=\"249\" data-end=\"417\">Mallorca erm\u00f6glicht die Kombination von Str\u00e4nden, Ausfl\u00fcgen, Abenteuer, Radtourismus, charmanten D\u00f6rfern und ruhigen Auszeiten. Aber nicht alle Zonen bieten das gleiche Erlebnis. <\/p><p>Deshalb finden Sie in diesem Reisef\u00fchrer nicht nur die besten Pl\u00e4ne, um den mallorquinischen Sommer zu genie\u00dfen, sondern auch Empfehlungen zu den besten Gegenden und Unterkunftsarten, passend zu Ihrem Lebensstil. <\/p>\t\t\t\t\t\t\t\t<\/div>\n\t\t\t\t<div class=\"elementor-element elementor-element-46100ab elementor-widget elementor-widget-heading\" data-id=\"46100ab\" data-element_type=\"widget\" data-e-type=\"widget\" data-widget_type=\"heading.default\">\n\t\t\t\t\t<h2 class=\"elementor-heading-title elementor-size-default\">Was man im Sommer auf Mallorca unternehmen kann: Die Pl\u00e4ne, die Sie nicht verpassen sollten<\/h2>\t\t\t\t<\/div>\n\t\t\t\t<div class=\"elementor-element elementor-element-1d757b8 elementor-widget elementor-widget-text-editor\" data-id=\"1d757b8\" data-element_type=\"widget\" data-e-type=\"widget\" data-widget_type=\"text-editor.default\">\n\t\t\t\t\t\t\t\t\tDer Sommer auf Mallorca dreht sich um das Meer, aber die Wahl der richtigen Gegend ver\u00e4ndert das Erlebnis.\n\nDie besten Optionen im Norden der Insel erm\u00f6glichen die Kombination von Strand, gut gelegenen Unterk\u00fcnften und Zugang zu anderen Aktivit\u00e4ten.\n<h3 data-section-id=\"mnlmtc\" data-start=\"1020\" data-end=\"1080\">Empfohlene Str\u00e4nde:<\/h3>\n<ul>\n \t<li><strong>Playa de Muro:<\/strong> ruhiges Wasser und famili\u00e4re Atmosph\u00e4re.<\/li>\n \t<li><strong>Alc\u00fadia:<\/strong> breiter Strand mit nahegelegenen Dienstleistungen.<\/li>\n \t<li><strong>Cala Sant Vicen\u00e7:<\/strong> ruhigere Naturumgebung.<\/li>\n \t<li><strong>Can Picafort:<\/strong> Strand + Unterhaltung + Restaurants.<\/li>\n \t<li><strong>Port de Pollensa:<\/strong> entspannte Atmosph\u00e4re am Meer.<\/li>\n<\/ul>\n<br>Wenn Sie weitere Ecken f\u00fcr die Planung Ihres Urlaubs entdecken m\u00f6chten, k\u00f6nnen Sie diesen Reisef\u00fchrer mit einigen der besten <a href=\"https:\/\/www.homevillas360.com\/de\/straende-und-buchten-mallorca\/\">Str\u00e4nde und Buchten<\/a> Mallorcas konsultieren.<br>\n<br><strong>Ideal f\u00fcr:<\/strong>\n<ul>\n \t<li>Familien<\/li>\n \t<li>Paare<\/li>\n \t<li>Reisende, die Str\u00e4nde bevorzugen<\/li>\n<\/ul>\n<br><strong>Nicht empfohlen f\u00fcr:<\/strong>\n<ul>\n \t<li>Diejenigen, die l\u00e4ndlichen Tourismus suchen<\/li>\n \t<li>V\u00f6llig isolierte Ferien<\/li>\n<\/ul>\t\t\t\t\t\t\t\t<\/div>\n\t\t\t\t<div class=\"elementor-element elementor-element-ae8c3b3 elementor-widget elementor-widget-grid\" data-id=\"ae8c3b3\" data-element_type=\"widget\" data-e-type=\"widget\" data-widget_type=\"grid.default\">\n\t\t\t\t<div class=\"elementor-widget-container\">\n\t\t\t\t\t\t\t<div class=\"its--row alojamientos-recomendados\">\n\n\t\t\t<div class=\"alojamientos-recomendados-container\">\n\n\t\t\t\t\t\n\t\t\t\t\t<a href=\"https:\/\/bookings.homevillas360.com\/de\/vermietung\/villa-son-serra-de-marina-son-serra-relax-2-by-home-villas-360-376207.html\" rel=\"nofollow\" style=\"width: 32%;\">\n\t\t\t\t\t\t<div class=\"apartamento-box\">\n\t\t\t\t\t\t\t<div class=\"imagen_recomendados\">\n\t\t\t\t\t\t\t\t<img decoding=\"async\" src=\"https:\/\/crs.avantio.com\/fotos\/2\/1641977547dcf70f45f7ec3e3ad825855909299159\/big17841310397c3afcacb4ac2f84d4bce601c9425992.jpg\" alt=\"Stadth\u00e4user Son Serra Relax in Son Serra de Marina by Home Villas 360\">\n\t\t\t\t\t\t\t<\/div>\n\t\t\t\t\t\t\t<div class=\"info\">\n\t\t\t\t\t\t\t\t<div class=\"ubicacion\">\n\t\t\t\t\t\t\t\t\t<i class=\"fa-solid fa-location-dot icono-mapa\"><\/i><span class=\"ubicacion-texto\">Son Serra de Marina - Mallorca<\/span>\n\t\t\t\t\t\t\t\t<\/div>\n\t\t\t\t\t\t\t\t<H4 class=\"titulo-alojamiento\">\n\t\t\t\t\t\t\t\t\tStadth\u00e4user Son Serra Relax in Son Serra de Marina by Home Villas 360\t\t\t\t\t\t\t\t<\/H4>\n\t\t\t\t\t\t\t\t<p class=\"precio-alojamiento\">Ab <span class=\"precio\">174.80\u20ac<\/span> pro Nacht<\/p>\n\t\t\t\t\t\t\t<\/div>\n\t\t\t\t\t\t<\/div>\n\t\t\t\t\t<\/a> \n\t\t\t\t\t\t\n\t\t\t\t\t<a href=\"https:\/\/bookings.homevillas360.com\/de\/vermietung\/ferienwohnung-puerto-pollensa-apartment-can-sivella-by-home-villas-360-376208.html\" rel=\"nofollow\" style=\"width: 32%;\">\n\t\t\t\t\t\t<div class=\"apartamento-box\">\n\t\t\t\t\t\t\t<div class=\"imagen_recomendados\">\n\t\t\t\t\t\t\t\t<img decoding=\"async\" src=\"https:\/\/crs.avantio.com\/fotos\/2\/16419775503a065e7d5b9e81869f0b0ad753313ef2\/big1654602492e226c84e237e8edba4f5254128ebc5c8.jpg\" alt=\"Apartment Can Sivella in Puerto Pollensa by Home Villas 360\">\n\t\t\t\t\t\t\t<\/div>\n\t\t\t\t\t\t\t<div class=\"info\">\n\t\t\t\t\t\t\t\t<div class=\"ubicacion\">\n\t\t\t\t\t\t\t\t\t<i class=\"fa-solid fa-location-dot icono-mapa\"><\/i><span class=\"ubicacion-texto\">Puerto Pollensa - Mallorca<\/span>\n\t\t\t\t\t\t\t\t<\/div>\n\t\t\t\t\t\t\t\t<H4 class=\"titulo-alojamiento\">\n\t\t\t\t\t\t\t\t\tApartment Can Sivella in Puerto Pollensa by Home Villas 360\t\t\t\t\t\t\t\t<\/H4>\n\t\t\t\t\t\t\t\t<p class=\"precio-alojamiento\">Ab <span class=\"precio\">169.05\u20ac<\/span> pro Nacht<\/p>\n\t\t\t\t\t\t\t<\/div>\n\t\t\t\t\t\t<\/div>\n\t\t\t\t\t<\/a> \n\t\t\t\t\t\t\n\t\t\t\t\t<a href=\"https:\/\/bookings.homevillas360.com\/de\/vermietung\/ferienwohnung-alcudia-apartment-playa-2b-in-puerto-de-alcudia-376212.html\" rel=\"nofollow\" style=\"width: 32%;\">\n\t\t\t\t\t\t<div class=\"apartamento-box\">\n\t\t\t\t\t\t\t<div class=\"imagen_recomendados\">\n\t\t\t\t\t\t\t\t<img decoding=\"async\" src=\"https:\/\/crs.avantio.com\/fotos\/2\/1641977800def8296f329cca1e51b9764cf7dce01d\/big1671010379a4f4a636295de85a927a064833776dcd.jpg\" alt=\"Apartment Playa 2B in Puerto de Alcudia \">\n\t\t\t\t\t\t\t<\/div>\n\t\t\t\t\t\t\t<div class=\"info\">\n\t\t\t\t\t\t\t\t<div class=\"ubicacion\">\n\t\t\t\t\t\t\t\t\t<i class=\"fa-solid fa-location-dot icono-mapa\"><\/i><span class=\"ubicacion-texto\">Alcudia - Mallorca<\/span>\n\t\t\t\t\t\t\t\t<\/div>\n\t\t\t\t\t\t\t\t<H4 class=\"titulo-alojamiento\">\n\t\t\t\t\t\t\t\t\tApartment Playa 2B in Puerto de Alcudia \t\t\t\t\t\t\t\t<\/H4>\n\t\t\t\t\t\t\t\t<p class=\"precio-alojamiento\">Ab <span class=\"precio\">57.50\u20ac<\/span> pro Nacht<\/p>\n\t\t\t\t\t\t\t<\/div>\n\t\t\t\t\t\t<\/div>\n\t\t\t\t\t<\/a> \n\t\t\t\t\t\t\t\t<\/div>\n\t\t\t<\/div>\n\t\t\t\t\t\t<\/div>\n\t\t\t\t<\/div>\n\t\t\t\t<div class=\"elementor-element elementor-element-ef82130 elementor-widget elementor-widget-text-editor\" data-id=\"ef82130\" data-element_type=\"widget\" data-e-type=\"widget\" data-widget_type=\"text-editor.default\">\n\t\t\t\t\t\t\t\t\t<h2>Abenteueraktivit\u00e4ten auf Mallorca<\/h2>\nMallorca ist auch eine ausgezeichnete Option f\u00fcr diejenigen, die einen aktiven Urlaub verbringen m\u00f6chten.\n\nNeben dem Meer bietet die Insel vielf\u00e4ltige Outdoor-Erlebnisse f\u00fcr Reisende, die etwas Dynamischeres suchen.\n<h3>Empfohlene Aktivit\u00e4ten<\/h3>\n<ul>\n \t<li>Canyoning<\/li>\n \t<li>Coasteering<\/li>\n \t<li>Kajak<\/li>\n \t<li>Stand-Up-Paddling<\/li>\n \t<li>Abenteuerrouten<\/li>\n \t<li>Wassersportaktivit\u00e4ten<\/li>\n<\/ul>\n<br>Wenn Sie Ihrem Urlaub Adrenalin hinzuf\u00fcgen m\u00f6chten, k\u00f6nnen Sie verschiedene <a href=\"https:\/\/mondaventura.com\/es\/\">Abenteueraktivit\u00e4ten auf Mallorca<\/a> entdecken.<br>\n<br><strong>Ideal f\u00fcr:<\/strong>\n<ul>\n \t<li>Gruppen<\/li>\n \t<li>Aktive Reisende<\/li>\n \t<li>Ausfl\u00fcge mit Erlebnissen<\/li>\n<\/ul>\n<br><strong>Nicht empfohlen f\u00fcr:<\/strong>\n<ul>\n \t<li>Diejenigen, die absolute Ruhe suchen<\/li>\n<\/ul>\t\t\t\t\t\t\t\t<\/div>\n\t\t\t\t<div class=\"elementor-element elementor-element-215b9af elementor-widget elementor-widget-gallery\" data-id=\"215b9af\" data-element_type=\"widget\" data-e-type=\"widget\" data-settings=\"{&quot;gallery_layout&quot;:&quot;justified&quot;,&quot;ideal_row_height&quot;:{&quot;unit&quot;:&quot;px&quot;,&quot;size&quot;:223,&quot;sizes&quot;:[]},&quot;lazyload&quot;:&quot;yes&quot;,&quot;ideal_row_height_tablet&quot;:{&quot;unit&quot;:&quot;px&quot;,&quot;size&quot;:150,&quot;sizes&quot;:[]},&quot;ideal_row_height_mobile&quot;:{&quot;unit&quot;:&quot;px&quot;,&quot;size&quot;:150,&quot;sizes&quot;:[]},&quot;gap&quot;:{&quot;unit&quot;:&quot;px&quot;,&quot;size&quot;:10,&quot;sizes&quot;:[]},&quot;gap_tablet&quot;:{&quot;unit&quot;:&quot;px&quot;,&quot;size&quot;:10,&quot;sizes&quot;:[]},&quot;gap_mobile&quot;:{&quot;unit&quot;:&quot;px&quot;,&quot;size&quot;:10,&quot;sizes&quot;:[]},&quot;overlay_background&quot;:&quot;yes&quot;,&quot;content_hover_animation&quot;:&quot;fade-in&quot;}\" data-widget_type=\"gallery.default\">\n\t\t\t\t\t\t\t<div class=\"elementor-gallery__container\">\n\t\t\t\t\t\t\t<div class=\"e-gallery-item elementor-gallery-item elementor-animated-content\">\n\t\t\t\t\t<div class=\"e-gallery-image elementor-gallery-item__image\" data-thumbnail=\"https:\/\/www.homevillas360.com\/wp-content\/uploads\/2026\/05\/que-hacer-en-verano-en-mallorca-768x512.webp\" data-width=\"768\" data-height=\"512\" aria-label=\"what to do in mallorca in summer\" role=\"img\" ><\/div>\n\t\t\t\t\t\t\t\t\t\t\t<div class=\"elementor-gallery-item__overlay\"><\/div>\n\t\t\t\t\t\t\t\t\t\t\t\t\t\t<\/div>\n\t\t\t\t\t\t\t<div class=\"e-gallery-item elementor-gallery-item elementor-animated-content\">\n\t\t\t\t\t<div class=\"e-gallery-image elementor-gallery-item__image\" data-thumbnail=\"https:\/\/www.homevillas360.com\/wp-content\/uploads\/2026\/05\/que-hacer-en-verano-en-mallorca-2-768x512.webp\" data-width=\"768\" data-height=\"512\" aria-label=\"what to do in mallorca in summer\" role=\"img\" ><\/div>\n\t\t\t\t\t\t\t\t\t\t\t<div class=\"elementor-gallery-item__overlay\"><\/div>\n\t\t\t\t\t\t\t\t\t\t\t\t\t\t<\/div>\n\t\t\t\t\t\t\t<div class=\"e-gallery-item elementor-gallery-item elementor-animated-content\">\n\t\t\t\t\t<div class=\"e-gallery-image elementor-gallery-item__image\" data-thumbnail=\"https:\/\/www.homevillas360.com\/wp-content\/uploads\/2026\/05\/que-hacer-en-verano-en-mallorca-3-768x576.webp\" data-width=\"768\" data-height=\"576\" aria-label=\"what to do in mallorca in summer\" role=\"img\" ><\/div>\n\t\t\t\t\t\t\t\t\t\t\t<div class=\"elementor-gallery-item__overlay\"><\/div>\n\t\t\t\t\t\t\t\t\t\t\t\t\t\t<\/div>\n\t\t\t\t\t\t\t<div class=\"e-gallery-item elementor-gallery-item elementor-animated-content\">\n\t\t\t\t\t<div class=\"e-gallery-image elementor-gallery-item__image\" data-thumbnail=\"https:\/\/www.homevillas360.com\/wp-content\/uploads\/2026\/05\/que-hacer-en-verano-en-mallorca-4-768x512.webp\" data-width=\"768\" data-height=\"512\" aria-label=\"what to do in mallorca in summer\" role=\"img\" ><\/div>\n\t\t\t\t\t\t\t\t\t\t\t<div class=\"elementor-gallery-item__overlay\"><\/div>\n\t\t\t\t\t\t\t\t\t\t\t\t\t\t<\/div>\n\t\t\t\t\t<\/div>\n\t\t\t\t\t<\/div>\n\t\t\t\t<div class=\"elementor-element elementor-element-c3ba530 elementor-widget elementor-widget-text-editor\" data-id=\"c3ba530\" data-element_type=\"widget\" data-e-type=\"widget\" data-widget_type=\"text-editor.default\">\n\t\t\t\t\t\t\t\t\t<h3>Ausfl\u00fcge zur Entdeckung Mallorcas<\/h3><p>Wenn Sie Mallorca zum ersten Mal besuchen, kann die Organisation von Ausfl\u00fcgen Ihnen helfen, die Reise erheblich zu optimieren.<\/p><p>Es gibt Optionen, um einige der emblematischsten Orte der Insel zu entdecken, ohne sich um Transfers oder Planung k\u00fcmmern zu m\u00fcssen.<\/p><p><strong>Beliebte Ausfl\u00fcge:<\/strong><\/p><ul><li>Bootstouren<\/li><li>H\u00f6hlen<\/li><li>Charmante D\u00f6rfer<\/li><li>Familienausfl\u00fcge<\/li><li>K\u00fcstenfluchten<\/li><\/ul><p>Es gibt viele M\u00f6glichkeiten f\u00fcr <a href=\"https:\/\/www.civitatis.com\/en\/mallorca\/?ag_aid=45051&#038;ag_cmp=Whatsapp\">Ausfl\u00fcge auf Mallorca<\/a>, der Schl\u00fcssel liegt immer in der Organisation.<\/p><h3>Fahrradrouten auf Mallorca<\/h3><p>Mallorca ist eines der bekanntesten Reiseziele Europas f\u00fcr den Radtourismus. <\/p><p>Der Norden der Insel und die Serra de Tramuntana konzentrieren einige der empfehlenswertesten Routen f\u00fcr aktive Reisende. <\/p><p><strong>Empfohlenes Erlebnis:<\/strong><\/p><ul><li>Panoramastrecken<\/li><li>Bergbesteigungen<\/li><li>K\u00fcstenrouten<\/li><li>Sportliche Ausfl\u00fcge<\/li><\/ul><p>Um Ihre Reise gut zu organisieren, wenn Sie Fahrradrouten fahren m\u00f6chten, ist es wichtig, diese <a href=\"https:\/\/www.homevillas360.com\/de\/fahrradrouten-auf-mallorca\/\">Routen und Fahrradausfl\u00fcge<\/a> zu planen.<\/p><p><strong>Ideal f\u00fcr:<\/strong><\/p><ul><li>Radfahrer<\/li><li>Aktive Reisende<\/li><li>Sporttourismus<\/li><\/ul>\t\t\t\t\t\t\t\t<\/div>\n\t\t\t\t<div class=\"elementor-element elementor-element-c7acfb4 elementor-widget elementor-widget-grid\" data-id=\"c7acfb4\" data-element_type=\"widget\" data-e-type=\"widget\" data-widget_type=\"grid.default\">\n\t\t\t\t<div class=\"elementor-widget-container\">\n\t\t\t\t\t\t\t<div class=\"its--row alojamientos-recomendados\">\n\n\t\t\t<div class=\"alojamientos-recomendados-container\">\n\n\t\t\t\t\t\n\t\t\t\t\t<a href=\"https:\/\/bookings.homevillas360.com\/de\/vermietung\/ferienhaus-pollensa-townhouse-calvari-in-pollensa-by-home-villas-360-376229.html\" rel=\"nofollow\" style=\"width: 32%;\">\n\t\t\t\t\t\t<div class=\"apartamento-box\">\n\t\t\t\t\t\t\t<div class=\"imagen_recomendados\">\n\t\t\t\t\t\t\t\t<img decoding=\"async\" src=\"https:\/\/crs.avantio.com\/fotos\/2\/1641977737005765075e390a5e024ff9b115039255\/big1645786564607d70ec498cec31695eba60b1b7efa0.jpg\" alt=\"Stadth\u00e4user Calvari in Pollensa by Home Villas 360\">\n\t\t\t\t\t\t\t<\/div>\n\t\t\t\t\t\t\t<div class=\"info\">\n\t\t\t\t\t\t\t\t<div class=\"ubicacion\">\n\t\t\t\t\t\t\t\t\t<i class=\"fa-solid fa-location-dot icono-mapa\"><\/i><span class=\"ubicacion-texto\">Pollensa - Mallorca<\/span>\n\t\t\t\t\t\t\t\t<\/div>\n\t\t\t\t\t\t\t\t<H4 class=\"titulo-alojamiento\">\n\t\t\t\t\t\t\t\t\tStadth\u00e4user Calvari in Pollensa by Home Villas 360\t\t\t\t\t\t\t\t<\/H4>\n\t\t\t\t\t\t\t\t<p class=\"precio-alojamiento\">Ab <span class=\"precio\">81.65\u20ac<\/span> pro Nacht<\/p>\n\t\t\t\t\t\t\t<\/div>\n\t\t\t\t\t\t<\/div>\n\t\t\t\t\t<\/a> \n\t\t\t\t\t\t\n\t\t\t\t\t<a href=\"https:\/\/bookings.homevillas360.com\/de\/vermietung\/doppelhaushalfte-alcanada-alcanada-b-by-home-villas-360-376235.html\" rel=\"nofollow\" style=\"width: 32%;\">\n\t\t\t\t\t\t<div class=\"apartamento-box\">\n\t\t\t\t\t\t\t<div class=\"imagen_recomendados\">\n\t\t\t\t\t\t\t\t<img decoding=\"async\" src=\"https:\/\/crs.avantio.com\/fotos\/2\/16419778549c5409c4020e78d58e315c2f186e4063\/big16469323588c626fec85a58c599077209457c43251.jpg\" alt=\"Stadth\u00e4user Alcanada B in Aucanada by Home Villas 360\">\n\t\t\t\t\t\t\t<\/div>\n\t\t\t\t\t\t\t<div class=\"info\">\n\t\t\t\t\t\t\t\t<div class=\"ubicacion\">\n\t\t\t\t\t\t\t\t\t<i class=\"fa-solid fa-location-dot icono-mapa\"><\/i><span class=\"ubicacion-texto\">Alcanada - Mallorca<\/span>\n\t\t\t\t\t\t\t\t<\/div>\n\t\t\t\t\t\t\t\t<H4 class=\"titulo-alojamiento\">\n\t\t\t\t\t\t\t\t\tStadth\u00e4user Alcanada B in Aucanada by Home Villas 360\t\t\t\t\t\t\t\t<\/H4>\n\t\t\t\t\t\t\t\t<p class=\"precio-alojamiento\">Ab <span class=\"precio\">213.90\u20ac<\/span> pro Nacht<\/p>\n\t\t\t\t\t\t\t<\/div>\n\t\t\t\t\t\t<\/div>\n\t\t\t\t\t<\/a> \n\t\t\t\t\t\t\n\t\t\t\t\t<a href=\"https:\/\/bookings.homevillas360.com\/de\/vermietung\/ferienhaus-pollensa-townhouse-deluxe-can-butxaca-by-home-villas-360-376252.html\" rel=\"nofollow\" style=\"width: 32%;\">\n\t\t\t\t\t\t<div class=\"apartamento-box\">\n\t\t\t\t\t\t\t<div class=\"imagen_recomendados\">\n\t\t\t\t\t\t\t\t<img decoding=\"async\" src=\"https:\/\/crs.avantio.com\/fotos\/2\/1641978100bb3e5120d3ad37dc58918245c3a03d2c\/big164197810124b5aea8a25e5e98933abbc2b87cafc0.jpg\" alt=\"Stadth\u00e4user Luxuri\u00f6s Can Butxaca in Pollensa by Home Villas 360\">\n\t\t\t\t\t\t\t<\/div>\n\t\t\t\t\t\t\t<div class=\"info\">\n\t\t\t\t\t\t\t\t<div class=\"ubicacion\">\n\t\t\t\t\t\t\t\t\t<i class=\"fa-solid fa-location-dot icono-mapa\"><\/i><span class=\"ubicacion-texto\">Pollensa - Mallorca<\/span>\n\t\t\t\t\t\t\t\t<\/div>\n\t\t\t\t\t\t\t\t<H4 class=\"titulo-alojamiento\">\n\t\t\t\t\t\t\t\t\tStadth\u00e4user Luxuri\u00f6s Can Butxaca in Pollensa by Home Villas 360\t\t\t\t\t\t\t\t<\/H4>\n\t\t\t\t\t\t\t\t<p class=\"precio-alojamiento\">Ab <span class=\"precio\">290.95\u20ac<\/span> pro Nacht<\/p>\n\t\t\t\t\t\t\t<\/div>\n\t\t\t\t\t\t<\/div>\n\t\t\t\t\t<\/a> \n\t\t\t\t\t\t\t\t<\/div>\n\t\t\t<\/div>\n\t\t\t\t\t\t<\/div>\n\t\t\t\t<\/div>\n\t\t\t\t<div class=\"elementor-element elementor-element-7e77146 elementor-widget elementor-widget-text-editor\" data-id=\"7e77146\" data-element_type=\"widget\" data-e-type=\"widget\" data-widget_type=\"text-editor.default\">\n\t\t\t\t\t\t\t\t\t<h3>Wo Sie auf Mallorca je nach Reiseart \u00fcbernachten k\u00f6nnen <\/h3><h4>Wenn Sie mit der Familie reisen <\/h4><p>Familienurlaube erfordern oft bequeme Str\u00e4nde, gute Anbindung und eine ruhige Umgebung.<\/p><h4>Beste Gegenden<\/h4>\t\t\t\t\t\t\t\t<\/div>\n\t\t\t\t<div class=\"elementor-element elementor-element-38783a5 elementor-widget elementor-widget-html\" data-id=\"38783a5\" data-element_type=\"widget\" data-e-type=\"widget\" id=\"table-compare\" data-widget_type=\"html.default\">\n\t\t\t\t\t<table>\r\n  <thead>\r\n    <tr>\r\n      <th>Reiseart<\/th>\r\n      <th>Beste Gegenden zum \u00dcbernachten<\/th>\r\n      <th>Ideal f\u00fcr<\/th>\r\n      <th>Nicht ideal f\u00fcr<\/th>\r\n    <\/tr>\r\n  <\/thead>\r\n  <tbody>\r\n    <tr>\r\n      <td>Familien<\/td>\r\n      <td>Alcudia, Playa de Muro, Can Picafort<\/td>\r\n      <td>Bequeme Str\u00e4nde, Kinder, nahegelegene Dienstleistungen, Familienurlaub<\/td>\r\n      <td>Exklusive romantische Ausfl\u00fcge oder maximale Privatsph\u00e4re<\/td>\r\n    <\/tr>\r\n    <tr>\r\n      <td>Paare<\/td>\r\n      <td>Pollen\u00e7a, Port de Pollen\u00e7a, Cala Sant Vicen\u00e7<\/td>\r\n      <td>Romantische Ausfl\u00fcge, Ruhe, Gastronomie, Spazierg\u00e4nge am Meer<\/td>\r\n      <td>Gruppen, die st\u00e4ndige Unterhaltung oder intensives Nachtleben suchen<\/td>\r\n    <\/tr>\r\n    <tr>\r\n      <td>Entspannung und Abschalten<\/td>\r\n      <td>Campanet, Petra, Art\u00e0, Porreres, Felanitx<\/td>\r\n      <td>L\u00e4ndlicher Tourismus, Privatsph\u00e4re, Ruhe, lokales Erlebnis<\/td>\r\n      <td>Reisende, die zu Fu\u00df zum Strand gehen m\u00f6chten<\/td>\r\n    <\/tr>\r\n    <tr>\r\n      <td>Aktiver Urlaub<\/td>\r\n      <td>Alcudia, Port de Pollen\u00e7a, Playa de Muro, Can Picafort<\/td>\r\n      <td>Abenteuer, Ausfl\u00fcge, Radtourismus, Wassersport<\/td>\r\n      <td>Diejenigen, die absolute Ruhe suchen<\/td>\r\n    <\/tr>\r\n  <\/tbody>\r\n<\/table>\t\t\t\t<\/div>\n\t\t\t\t<div class=\"elementor-element elementor-element-c1aa0c6 elementor-widget elementor-widget-text-editor\" data-id=\"c1aa0c6\" data-element_type=\"widget\" data-e-type=\"widget\" data-widget_type=\"text-editor.default\">\n\t\t\t\t\t\t\t\t\t<h3>Das Wichtigste vor einer Reise nach Mallorca<\/h3><p data-start=\"6531\" data-end=\"6655\">Mallorca im Sommer ist besonders gut geeignet f\u00fcr Reisende, die Strand, Aktivit\u00e4ten und gute Unterk\u00fcnfte kombinieren m\u00f6chten.<\/p><p data-start=\"6657\" data-end=\"6687\"><strong data-start=\"6657\" data-end=\"6687\">Beste Gegend je nach Ziel:<\/strong><\/p><ul data-start=\"6688\" data-end=\"6838\"><li data-section-id=\"1namlzz\" data-start=\"6688\" data-end=\"6727\">Familien: Alcudia \/ Playa de Muro<\/li><li data-section-id=\"smn92z\" data-start=\"6728\" data-end=\"6770\">Paare: Pollen\u00e7a \/ Port de Pollen\u00e7a<\/li><li data-section-id=\"1m0ucb0\" data-start=\"6771\" data-end=\"6804\">Abenteuer: Norden Mallorcas<\/li><li data-section-id=\"zfq9bm\" data-start=\"6805\" data-end=\"6838\">Entspannung: Landesinnere Mallorcas<\/li><\/ul><p> <\/p><p data-start=\"6840\" data-end=\"6975\">Wenn es Ihr erster Besuch ist, bietet eine Unterkunft im Norden in der Regel die ausgewogenste Kombination aus Str\u00e4nden, Ausfl\u00fcgen und Aktivit\u00e4ten.<\/p>\t\t\t\t\t\t\t\t<\/div>\n\t\t\t\t<div class=\"elementor-element elementor-element-49245c3 elementor-widget elementor-widget-html\" data-id=\"49245c3\" data-element_type=\"widget\" data-e-type=\"widget\" data-widget_type=\"html.default\">\n\t\t\t\t\t<div style=\"overflow-x:auto;\">\r\n  <table id=\"table-compare\">\r\n    <thead>\r\n      <tr>\r\n        <th>Reiseart<\/th>\r\n        <th>Empfohlene Gegend<\/th>\r\n        <th>Am besten f\u00fcr<\/th>\r\n        <th>Zu beachten<\/th>\r\n      <\/tr>\r\n    <\/thead>\r\n    <tbody>\r\n      <tr>\r\n        <td>Familien<\/td>\r\n        <td>Alcudia \/ Playa de Muro \/ Can Picafort<\/td>\r\n        <td>Ruhige Str\u00e4nde, Kinder, Dienstleistungen und Komfort<\/td>\r\n        <td>Weniger empfehlenswert, wenn Sie einen exklusiven Paarurlaub suchen<\/td>\r\n      <\/tr>\r\n      <tr>\r\n        <td>Paare<\/td>\r\n        <td>Pollen\u00e7a \/ Port de Pollen\u00e7a \/ Cala Sant Vicen\u00e7<\/td>\r\n        <td>Romantische Ausfl\u00fcge, Entspannung, Gastronomie und Meerblick<\/td>\r\n        <td>Nicht die beste Option f\u00fcr Gruppen, die viel Nachtleben suchen<\/td>\r\n      <\/tr>\r\n      <tr>\r\n        <td>Entspannung und Abschalten<\/td>\r\n        <td>Campanet \/ Petra \/ Art\u00e0 \/ Porreres \/ Felanitx<\/td>\r\n        <td>L\u00e4ndlicher Tourismus, Privatsph\u00e4re und ein authentischeres Erlebnis<\/td>\r\n        <td>Sie ben\u00f6tigen ein Auto, um bequem herumzukommen<\/td>\r\n      <\/tr>\r\n      <tr>\r\n        <td>Aktiver Urlaub<\/td>\r\n        <td>Alcudia \/ Port de Pollen\u00e7a \/ Playa de Muro<\/td>\r\n        <td>Ausfl\u00fcge, Wassersport, Radtourismus und Abenteuer<\/td>\r\n        <td>In der Hochsaison kann es belebter sein<\/td>\r\n      <\/tr>\r\n      <tr>\r\n        <td>Erster Besuch auf Mallorca<\/td>\r\n        <td>Norden Mallorcas<\/td>\r\n        <td>Gutes Gleichgewicht zwischen Str\u00e4nden, Aktivit\u00e4ten und Anbindung<\/td>\r\n        <td>Es ist ratsam, die Unterkunft im Sommer im Voraus zu buchen<\/td>\r\n      <\/tr>\r\n    <\/tbody>\r\n  <\/table>\r\n<\/div>\t\t\t\t<\/div>\n\t\t\t\t<div class=\"elementor-element elementor-element-bc3a57a elementor-widget elementor-widget-heading\" data-id=\"bc3a57a\" data-element_type=\"widget\" data-e-type=\"widget\" data-widget_type=\"heading.default\">\n\t\t\t\t\t<h2 class=\"elementor-heading-title elementor-size-default\">H\u00e4ufig gestellte Fragen zu Aktivit\u00e4ten und Unterk\u00fcnften im Sommer auf Mallorca<\/h2>\t\t\t\t<\/div>\n\t\t\t\t<div class=\"elementor-element elementor-element-8e3dd58 elementor-widget elementor-widget-n-accordion\" data-id=\"8e3dd58\" data-element_type=\"widget\" data-e-type=\"widget\" data-settings=\"{&quot;default_state&quot;:&quot;expanded&quot;,&quot;max_items_expended&quot;:&quot;one&quot;,&quot;n_accordion_animation_duration&quot;:{&quot;unit&quot;:&quot;ms&quot;,&quot;size&quot;:400,&quot;sizes&quot;:[]}}\" data-widget_type=\"nested-accordion.default\">\n\t\t\t\t\t\t\t<div class=\"e-n-accordion\" aria-label=\"Accordion. Open links with Enter or Space, close with Escape, and navigate with Arrow Keys\">\n\t\t\t\t\t\t<details id=\"e-n-accordion-item-1490\" class=\"e-n-accordion-item\" open>\n\t\t\t\t<summary class=\"e-n-accordion-item-title\" data-accordion-index=\"1\" tabindex=\"0\" aria-expanded=\"true\" aria-controls=\"e-n-accordion-item-1490\" >\n\t\t\t\t\t<span class='e-n-accordion-item-title-header'><div class=\"e-n-accordion-item-title-text\"> Welche ist die beste Gegend, um im Sommer auf Mallorca zu \u00fcbernachten? <\/div><\/span>\n\t\t\t\t\t\t\t<span class='e-n-accordion-item-title-icon'>\n\t\t\t<span class='e-opened' ><svg aria-hidden=\"true\" class=\"e-font-icon-svg e-fas-minus\" viewBox=\"0 0 448 512\" xmlns=\"http:\/\/www.w3.org\/2000\/svg\"><path d=\"M416 208H32c-17.67 0-32 14.33-32 32v32c0 17.67 14.33 32 32 32h384c17.67 0 32-14.33 32-32v-32c0-17.67-14.33-32-32-32z\"><\/path><\/svg><\/span>\n\t\t\t<span class='e-closed'><svg aria-hidden=\"true\" class=\"e-font-icon-svg e-fas-plus\" viewBox=\"0 0 448 512\" xmlns=\"http:\/\/www.w3.org\/2000\/svg\"><path d=\"M416 208H272V64c0-17.67-14.33-32-32-32h-32c-17.67 0-32 14.33-32 32v144H32c-17.67 0-32 14.33-32 32v32c0 17.67 14.33 32 32 32h144v144c0 17.67 14.33 32 32 32h32c17.67 0 32-14.33 32-32V304h144c17.67 0 32-14.33 32-32v-32c0-17.67-14.33-32-32-32z\"><\/path><\/svg><\/span>\n\t\t<\/span>\n\n\t\t\t\t\t\t<\/summary>\n\t\t\t\t<div role=\"region\" aria-labelledby=\"e-n-accordion-item-1490\" class=\"elementor-element elementor-element-456bf78 e-con-full e-flex e-con e-child\" data-id=\"456bf78\" data-element_type=\"container\" data-e-type=\"container\">\n\t\t\t\t<div class=\"elementor-element elementor-element-201fd7e elementor-widget elementor-widget-text-editor\" data-id=\"201fd7e\" data-element_type=\"widget\" data-e-type=\"widget\" data-widget_type=\"text-editor.default\">\n\t\t\t\t\t\t\t\t\t<p data-start=\"5854\" data-end=\"5872\">Je nach Reise:<\/p><ul data-start=\"5873\" data-end=\"5999\"><li data-section-id=\"xn9kd3\" data-start=\"5873\" data-end=\"5909\">Familien \u2192 Alcudia \/ Playa de Muro<\/li><li data-section-id=\"155pofn\" data-start=\"5910\" data-end=\"5949\">Paare \u2192 Pollen\u00e7a \/ Port de Pollen\u00e7a<\/li><li data-section-id=\"q7jps8\" data-start=\"5950\" data-end=\"5968\">Entspannung \u2192 Landesinnere<\/li><li data-section-id=\"6a93wk\" data-start=\"5969\" data-end=\"5999\">Abenteuer \u2192 Norden Mallorcas<\/li><\/ul>\t\t\t\t\t\t\t\t<\/div>\n\t\t\t\t<\/div>\n\t\t\t\t\t<\/details>\n\t\t\t\t\t\t<details id=\"e-n-accordion-item-1491\" class=\"e-n-accordion-item\" >\n\t\t\t\t<summary class=\"e-n-accordion-item-title\" data-accordion-index=\"2\" tabindex=\"-1\" aria-expanded=\"false\" aria-controls=\"e-n-accordion-item-1491\" >\n\t\t\t\t\t<span class='e-n-accordion-item-title-header'><div class=\"e-n-accordion-item-title-text\"> Was kann man im Sommer auf Mallorca mit Kindern unternehmen? <\/div><\/span>\n\t\t\t\t\t\t\t<span class='e-n-accordion-item-title-icon'>\n\t\t\t<span class='e-opened' ><svg aria-hidden=\"true\" class=\"e-font-icon-svg e-fas-minus\" viewBox=\"0 0 448 512\" xmlns=\"http:\/\/www.w3.org\/2000\/svg\"><path d=\"M416 208H32c-17.67 0-32 14.33-32 32v32c0 17.67 14.33 32 32 32h384c17.67 0 32-14.33 32-32v-32c0-17.67-14.33-32-32-32z\"><\/path><\/svg><\/span>\n\t\t\t<span class='e-closed'><svg aria-hidden=\"true\" class=\"e-font-icon-svg e-fas-plus\" viewBox=\"0 0 448 512\" xmlns=\"http:\/\/www.w3.org\/2000\/svg\"><path d=\"M416 208H272V64c0-17.67-14.33-32-32-32h-32c-17.67 0-32 14.33-32 32v144H32c-17.67 0-32 14.33-32 32v32c0 17.67 14.33 32 32 32h144v144c0 17.67 14.33 32 32 32h32c17.67 0 32-14.33 32-32V304h144c17.67 0 32-14.33 32-32v-32c0-17.67-14.33-32-32-32z\"><\/path><\/svg><\/span>\n\t\t<\/span>\n\n\t\t\t\t\t\t<\/summary>\n\t\t\t\t<div role=\"region\" aria-labelledby=\"e-n-accordion-item-1491\" class=\"elementor-element elementor-element-5ce610e e-con-full e-flex e-con e-child\" data-id=\"5ce610e\" data-element_type=\"container\" data-e-type=\"container\">\n\t\t\t\t<div class=\"elementor-element elementor-element-a225d62 elementor-widget elementor-widget-text-editor\" data-id=\"a225d62\" data-element_type=\"widget\" data-e-type=\"widget\" data-widget_type=\"text-editor.default\">\n\t\t\t\t\t\t\t\t\t<p data-start=\"6057\" data-end=\"6143\">Familienfreundliche Str\u00e4nde, organisierte Ausfl\u00fcge, Wassersportaktivit\u00e4ten und ruhige Spazierg\u00e4nge.<\/p>\t\t\t\t\t\t\t\t<\/div>\n\t\t\t\t<\/div>\n\t\t\t\t\t<\/details>\n\t\t\t\t\t\t<details id=\"e-n-accordion-item-1492\" class=\"e-n-accordion-item\" >\n\t\t\t\t<summary class=\"e-n-accordion-item-title\" data-accordion-index=\"3\" tabindex=\"-1\" aria-expanded=\"false\" aria-controls=\"e-n-accordion-item-1492\" >\n\t\t\t\t\t<span class='e-n-accordion-item-title-header'><div class=\"e-n-accordion-item-title-text\"> Welche Abenteueraktivit\u00e4ten kann man auf Mallorca unternehmen? <\/div><\/span>\n\t\t\t\t\t\t\t<span class='e-n-accordion-item-title-icon'>\n\t\t\t<span class='e-opened' ><svg aria-hidden=\"true\" class=\"e-font-icon-svg e-fas-minus\" viewBox=\"0 0 448 512\" xmlns=\"http:\/\/www.w3.org\/2000\/svg\"><path d=\"M416 208H32c-17.67 0-32 14.33-32 32v32c0 17.67 14.33 32 32 32h384c17.67 0 32-14.33 32-32v-32c0-17.67-14.33-32-32-32z\"><\/path><\/svg><\/span>\n\t\t\t<span class='e-closed'><svg aria-hidden=\"true\" class=\"e-font-icon-svg e-fas-plus\" viewBox=\"0 0 448 512\" xmlns=\"http:\/\/www.w3.org\/2000\/svg\"><path d=\"M416 208H272V64c0-17.67-14.33-32-32-32h-32c-17.67 0-32 14.33-32 32v144H32c-17.67 0-32 14.33-32 32v32c0 17.67 14.33 32 32 32h144v144c0 17.67 14.33 32 32 32h32c17.67 0 32-14.33 32-32V304h144c17.67 0 32-14.33 32-32v-32c0-17.67-14.33-32-32-32z\"><\/path><\/svg><\/span>\n\t\t<\/span>\n\n\t\t\t\t\t\t<\/summary>\n\t\t\t\t<div role=\"region\" aria-labelledby=\"e-n-accordion-item-1492\" class=\"elementor-element elementor-element-3602fc1 e-con-full e-flex e-con e-child\" data-id=\"3602fc1\" data-element_type=\"container\" data-e-type=\"container\">\n\t\t\t\t<div class=\"elementor-element elementor-element-a962880 elementor-widget elementor-widget-text-editor\" data-id=\"a962880\" data-element_type=\"widget\" data-e-type=\"widget\" data-widget_type=\"text-editor.default\">\n\t\t\t\t\t\t\t\t\t<p data-start=\"6215\" data-end=\"6283\">Canyoning, Kajak, Stand-Up-Paddling, Coasteering und Outdoor-Aktivit\u00e4ten.<\/p>\t\t\t\t\t\t\t\t<\/div>\n\t\t\t\t<\/div>\n\t\t\t\t\t<\/details>\n\t\t\t\t\t\t<details id=\"e-n-accordion-item-1493\" class=\"e-n-accordion-item\" >\n\t\t\t\t<summary class=\"e-n-accordion-item-title\" data-accordion-index=\"4\" tabindex=\"-1\" aria-expanded=\"false\" aria-controls=\"e-n-accordion-item-1493\" >\n\t\t\t\t\t<span class='e-n-accordion-item-title-header'><div class=\"e-n-accordion-item-title-text\"> Wie viele Tage braucht man, um Mallorca im Sommer zu genie\u00dfen? <\/div><\/span>\n\t\t\t\t\t\t\t<span class='e-n-accordion-item-title-icon'>\n\t\t\t<span class='e-opened' ><svg aria-hidden=\"true\" class=\"e-font-icon-svg e-fas-minus\" viewBox=\"0 0 448 512\" xmlns=\"http:\/\/www.w3.org\/2000\/svg\"><path d=\"M416 208H32c-17.67 0-32 14.33-32 32v32c0 17.67 14.33 32 32 32h384c17.67 0 32-14.33 32-32v-32c0-17.67-14.33-32-32-32z\"><\/path><\/svg><\/span>\n\t\t\t<span class='e-closed'><svg aria-hidden=\"true\" class=\"e-font-icon-svg e-fas-plus\" viewBox=\"0 0 448 512\" xmlns=\"http:\/\/www.w3.org\/2000\/svg\"><path d=\"M416 208H272V64c0-17.67-14.33-32-32-32h-32c-17.67 0-32 14.33-32 32v144H32c-17.67 0-32 14.33-32 32v32c0 17.67 14.33 32 32 32h144v144c0 17.67 14.33 32 32 32h32c17.67 0 32-14.33 32-32V304h144c17.67 0 32-14.33 32-32v-32c0-17.67-14.33-32-32-32z\"><\/path><\/svg><\/span>\n\t\t<\/span>\n\n\t\t\t\t\t\t<\/summary>\n\t\t\t\t<div role=\"region\" aria-labelledby=\"e-n-accordion-item-1493\" class=\"elementor-element elementor-element-4f47ee3 e-con-full e-flex e-con e-child\" data-id=\"4f47ee3\" data-element_type=\"container\" data-e-type=\"container\">\n\t\t\t\t<div class=\"elementor-element elementor-element-0fdfd9d elementor-widget elementor-widget-text-editor\" data-id=\"0fdfd9d\" data-element_type=\"widget\" data-e-type=\"widget\" data-widget_type=\"text-editor.default\">\n\t\t\t\t\t\t\t\t\t<p data-start=\"179\" data-end=\"502\">Ideal sind 5 bis 7 Tage, um Strand, Ausfl\u00fcge, charmante D\u00f6rfer und Outdoor-Aktivit\u00e4ten ohne Eile zu kombinieren. Wenn Ihr Ziel lediglich ein entspannter Kurzurlaub ist, kann ein langes Wochenende ausreichen, aber um verschiedene Gegenden der Insel zu entdecken, ist ein l\u00e4ngerer Aufenthalt ratsam. <\/p>\t\t\t\t\t\t\t\t<\/div>\n\t\t\t\t<\/div>\n\t\t\t\t\t<\/details>\n\t\t\t\t\t<\/div>\n\t\t\t\t\t<script type=\"application\/ld+json\">{\"@context\":\"https:\\\/\\\/schema.org\",\"@type\":\"FAQPage\",\"mainEntity\":[{\"@type\":\"Question\",\"name\":\"Welche ist die beste Gegend, um im Sommer auf Mallorca zu \\u00fcbernachten?\",\"acceptedAnswer\":{\"@type\":\"Answer\",\"text\":\"Je nach Reise:Familien \\u2192 Alcudia \\\/ Playa de MuroPaare \\u2192 Pollen\\u00e7a \\\/ Port de Pollen\\u00e7aEntspannung \\u2192 LandesinnereAbenteuer \\u2192 Norden Mallorcas\"}},{\"@type\":\"Question\",\"name\":\"Was kann man im Sommer auf Mallorca mit Kindern unternehmen?\",\"acceptedAnswer\":{\"@type\":\"Answer\",\"text\":\"Familienfreundliche Str\\u00e4nde, organisierte Ausfl\\u00fcge, Wassersportaktivit\\u00e4ten und ruhige Spazierg\\u00e4nge.\"}},{\"@type\":\"Question\",\"name\":\"Welche Abenteueraktivit\\u00e4ten kann man auf Mallorca unternehmen?\",\"acceptedAnswer\":{\"@type\":\"Answer\",\"text\":\"Canyoning, Kajak, Stand-Up-Paddling, Coasteering und Outdoor-Aktivit\\u00e4ten.\"}},{\"@type\":\"Question\",\"name\":\"Wie viele Tage braucht man, um Mallorca im Sommer zu genie\\u00dfen?\",\"acceptedAnswer\":{\"@type\":\"Answer\",\"text\":\"Ideal sind 5 bis 7 Tage, um Strand, Ausfl\\u00fcge, charmante D\\u00f6rfer und Outdoor-Aktivit\\u00e4ten ohne Eile zu kombinieren. Wenn Ihr Ziel lediglich ein entspannter Kurzurlaub ist, kann ein langes Wochenende ausreichen, aber um verschiedene Gegenden der Insel zu entdecken, ist ein l\\u00e4ngerer Aufenthalt ratsam.\"}}]}<\/script>\n\t\t\t\t\t\t\t<\/div>\n\t\t\t\t\t<\/div>\n\t\t\t\t<\/div>\n\t\t<div class=\"elementor-element elementor-element-06de4e4 e-flex e-con-boxed e-con e-parent\" data-id=\"06de4e4\" data-element_type=\"container\" data-e-type=\"container\">\n\t\t\t\t\t<div class=\"e-con-inner\">\n\t\t\t\t\t<\/div>\n\t\t\t\t<\/div>\n\t\t\t\t<\/div>\n\t\t","protected":false},"excerpt":{"rendered":"<p>Wenn Sie wissen m\u00f6chten, was man im Sommer auf Mallorca unternehmen kann, ist der Schl\u00fcssel nicht nur die Wahl der Aktivit\u00e4ten, sondern auch die richtige Unterkunft, um Ihre Reise optimal [&hellip;]<\/p>\n","protected":false},"author":2,"featured_media":4216,"comment_status":"open","ping_status":"open","sticky":false,"template":"","format":"standard","meta":{"_yoast_wpseo_schema_page_type":"","_yoast_wpseo_schema_article_type":"","_jetpack_newsletter_access":"","_jetpack_dont_email_post_to_subs":false,"_jetpack_newsletter_tier_id":0,"_jetpack_memberships_contains_paywalled_content":false,"_jetpack_feature_clip_id":0,"_jetpack_memberships_contains_paid_content":false,"footnotes":"","jetpack_post_was_ever_published":false},"categories":[7],"tags":[],"class_list":["post-4238","post","type-post","status-publish","format-standard","has-post-thumbnail","hentry","category-mallorca"],"yoast_head":"<!-- This site is optimized with the Yoast SEO plugin v28.2 - https:\/\/yoast.com\/product\/yoast-seo-wordpress\/ -->\n<title>Was man im Sommer auf Mallorca unternehmen kann<\/title>\n<meta name=\"description\" content=\"Entdecken Sie Mallorcas Sommerhighlights: Str\u00e4nde, Ausfl\u00fcge, charmante D\u00f6rfer und die perfekten Unterk\u00fcnfte f\u00fcr Ihre Reise.\" \/>\n<meta name=\"robots\" content=\"index, follow, max-snippet:-1, max-image-preview:large, max-video-preview:-1\" \/>\n<link rel=\"canonical\" href=\"https:\/\/www.homevillas360.com\/de\/blog\/was-man-im-sommer-auf-mallorca\/\" \/>\n<meta property=\"og:locale\" content=\"de_DE\" \/>\n<meta property=\"og:type\" content=\"article\" \/>\n<meta property=\"og:title\" content=\"Was man im Sommer auf Mallorca unternehmen kann\" \/>\n<meta property=\"og:description\" content=\"Entdecken Sie Mallorcas Sommerhighlights: Str\u00e4nde, Ausfl\u00fcge, charmante D\u00f6rfer und die perfekten Unterk\u00fcnfte f\u00fcr Ihre Reise.\" \/>\n<meta property=\"og:url\" content=\"https:\/\/www.homevillas360.com\/de\/blog\/was-man-im-sommer-auf-mallorca\/\" \/>\n<meta property=\"og:site_name\" content=\"Holiday rentals in Majorca | Home Villas 360\" \/>\n<meta property=\"article:published_time\" content=\"2026-06-11T14:21:51+00:00\" \/>\n<meta property=\"article:modified_time\" content=\"2026-06-11T14:29:57+00:00\" \/>\n<meta property=\"og:image\" content=\"https:\/\/www.homevillas360.com\/wp-content\/uploads\/2026\/05\/que-hacer-en-mallorca-en-verano.webp\" \/>\n\t<meta property=\"og:image:width\" content=\"1920\" \/>\n\t<meta property=\"og:image:height\" content=\"888\" \/>\n\t<meta property=\"og:image:type\" content=\"image\/webp\" \/>\n<meta name=\"author\" content=\"digitalservices@avantio.com\" \/>\n<meta name=\"twitter:card\" content=\"summary_large_image\" \/>\n<meta name=\"twitter:label1\" content=\"Verfasst von\" \/>\n\t<meta name=\"twitter:data1\" content=\"digitalservices@avantio.com\" \/>\n\t<meta name=\"twitter:label2\" content=\"Gesch\u00e4tzte Lesezeit\" \/>\n\t<meta name=\"twitter:data2\" content=\"2\u00a0Minuten\" \/>\n<script type=\"application\/ld+json\" class=\"yoast-schema-graph\">{\"@context\":\"https:\\\/\\\/schema.org\",\"@graph\":[{\"@type\":\"Article\",\"@id\":\"https:\\\/\\\/www.homevillas360.com\\\/de\\\/blog\\\/was-man-im-sommer-auf-mallorca\\\/#article\",\"isPartOf\":{\"@id\":\"https:\\\/\\\/www.homevillas360.com\\\/de\\\/blog\\\/was-man-im-sommer-auf-mallorca\\\/\"},\"author\":{\"name\":\"digitalservices@avantio.com\",\"@id\":\"https:\\\/\\\/www.homevillas360.com\\\/de\\\/#\\\/schema\\\/person\\\/d28732b4b3236341b9d6a67b70f76280\"},\"headline\":\"Was man im Sommer auf Mallorca unternehmen kann: Tipps und beste Unterk\u00fcnfte\",\"datePublished\":\"2026-06-11T14:21:51+00:00\",\"dateModified\":\"2026-06-11T14:29:57+00:00\",\"mainEntityOfPage\":{\"@id\":\"https:\\\/\\\/www.homevillas360.com\\\/de\\\/blog\\\/was-man-im-sommer-auf-mallorca\\\/\"},\"wordCount\":1158,\"commentCount\":0,\"publisher\":{\"@id\":\"https:\\\/\\\/www.homevillas360.com\\\/de\\\/#organization\"},\"image\":{\"@id\":\"https:\\\/\\\/www.homevillas360.com\\\/de\\\/blog\\\/was-man-im-sommer-auf-mallorca\\\/#primaryimage\"},\"thumbnailUrl\":\"https:\\\/\\\/www.homevillas360.com\\\/wp-content\\\/uploads\\\/2026\\\/05\\\/que-hacer-en-mallorca-en-verano.webp\",\"articleSection\":[\"Mallorca\"],\"inLanguage\":\"de\",\"potentialAction\":[{\"@type\":\"CommentAction\",\"name\":\"Comment\",\"target\":[\"https:\\\/\\\/www.homevillas360.com\\\/de\\\/blog\\\/was-man-im-sommer-auf-mallorca\\\/#respond\"]}]},{\"@type\":\"WebPage\",\"@id\":\"https:\\\/\\\/www.homevillas360.com\\\/de\\\/blog\\\/was-man-im-sommer-auf-mallorca\\\/\",\"url\":\"https:\\\/\\\/www.homevillas360.com\\\/de\\\/blog\\\/was-man-im-sommer-auf-mallorca\\\/\",\"name\":\"Was man im Sommer auf Mallorca unternehmen kann\",\"isPartOf\":{\"@id\":\"https:\\\/\\\/www.homevillas360.com\\\/de\\\/#website\"},\"primaryImageOfPage\":{\"@id\":\"https:\\\/\\\/www.homevillas360.com\\\/de\\\/blog\\\/was-man-im-sommer-auf-mallorca\\\/#primaryimage\"},\"image\":{\"@id\":\"https:\\\/\\\/www.homevillas360.com\\\/de\\\/blog\\\/was-man-im-sommer-auf-mallorca\\\/#primaryimage\"},\"thumbnailUrl\":\"https:\\\/\\\/www.homevillas360.com\\\/wp-content\\\/uploads\\\/2026\\\/05\\\/que-hacer-en-mallorca-en-verano.webp\",\"datePublished\":\"2026-06-11T14:21:51+00:00\",\"dateModified\":\"2026-06-11T14:29:57+00:00\",\"description\":\"Entdecken Sie Mallorcas Sommerhighlights: Str\u00e4nde, Ausfl\u00fcge, charmante D\u00f6rfer und die perfekten Unterk\u00fcnfte f\u00fcr Ihre Reise.\",\"breadcrumb\":{\"@id\":\"https:\\\/\\\/www.homevillas360.com\\\/de\\\/blog\\\/was-man-im-sommer-auf-mallorca\\\/#breadcrumb\"},\"inLanguage\":\"de\",\"potentialAction\":[{\"@type\":\"ReadAction\",\"target\":[\"https:\\\/\\\/www.homevillas360.com\\\/de\\\/blog\\\/was-man-im-sommer-auf-mallorca\\\/\"]}]},{\"@type\":\"ImageObject\",\"inLanguage\":\"de\",\"@id\":\"https:\\\/\\\/www.homevillas360.com\\\/de\\\/blog\\\/was-man-im-sommer-auf-mallorca\\\/#primaryimage\",\"url\":\"https:\\\/\\\/www.homevillas360.com\\\/wp-content\\\/uploads\\\/2026\\\/05\\\/que-hacer-en-mallorca-en-verano.webp\",\"contentUrl\":\"https:\\\/\\\/www.homevillas360.com\\\/wp-content\\\/uploads\\\/2026\\\/05\\\/que-hacer-en-mallorca-en-verano.webp\",\"width\":1920,\"height\":888,\"caption\":\"que hacer en mallorca en verano\"},{\"@type\":\"BreadcrumbList\",\"@id\":\"https:\\\/\\\/www.homevillas360.com\\\/de\\\/blog\\\/was-man-im-sommer-auf-mallorca\\\/#breadcrumb\",\"itemListElement\":[{\"@type\":\"ListItem\",\"position\":1,\"name\":\"Portada\",\"item\":\"https:\\\/\\\/www.homevillas360.com\\\/de\\\/\"},{\"@type\":\"ListItem\",\"position\":2,\"name\":\"Was man im Sommer auf Mallorca unternehmen kann: Tipps und beste Unterk\u00fcnfte\"}]},{\"@type\":\"WebSite\",\"@id\":\"https:\\\/\\\/www.homevillas360.com\\\/de\\\/#website\",\"url\":\"https:\\\/\\\/www.homevillas360.com\\\/de\\\/\",\"name\":\"Holiday rentals in Majorca |Home Villas 360\",\"description\":\"\",\"publisher\":{\"@id\":\"https:\\\/\\\/www.homevillas360.com\\\/de\\\/#organization\"},\"potentialAction\":[{\"@type\":\"SearchAction\",\"target\":{\"@type\":\"EntryPoint\",\"urlTemplate\":\"https:\\\/\\\/www.homevillas360.com\\\/de\\\/?s={search_term_string}\"},\"query-input\":{\"@type\":\"PropertyValueSpecification\",\"valueRequired\":true,\"valueName\":\"search_term_string\"}}],\"inLanguage\":\"de\"},{\"@type\":\"Organization\",\"@id\":\"https:\\\/\\\/www.homevillas360.com\\\/de\\\/#organization\",\"name\":\"Holiday rentals in Majorca |Home Villas 360\",\"url\":\"https:\\\/\\\/www.homevillas360.com\\\/de\\\/\",\"logo\":{\"@type\":\"ImageObject\",\"inLanguage\":\"de\",\"@id\":\"https:\\\/\\\/www.homevillas360.com\\\/de\\\/#\\\/schema\\\/logo\\\/image\\\/\",\"url\":\"https:\\\/\\\/www.homevillas360.com\\\/wp-content\\\/uploads\\\/2025\\\/12\\\/home-villas-360-color.png\",\"contentUrl\":\"https:\\\/\\\/www.homevillas360.com\\\/wp-content\\\/uploads\\\/2025\\\/12\\\/home-villas-360-color.png\",\"width\":400,\"height\":114,\"caption\":\"Holiday rentals in Majorca |Home Villas 360\"},\"image\":{\"@id\":\"https:\\\/\\\/www.homevillas360.com\\\/de\\\/#\\\/schema\\\/logo\\\/image\\\/\"}},{\"@type\":\"Person\",\"@id\":\"https:\\\/\\\/www.homevillas360.com\\\/de\\\/#\\\/schema\\\/person\\\/d28732b4b3236341b9d6a67b70f76280\",\"name\":\"digitalservices@avantio.com\",\"image\":{\"@type\":\"ImageObject\",\"inLanguage\":\"de\",\"@id\":\"https:\\\/\\\/secure.gravatar.com\\\/avatar\\\/af30f88a1904294c1f3eb09a9d7903eec4ffa18fa2cf40c28a8681014ecdfc20?s=96&d=mm&r=g\",\"url\":\"https:\\\/\\\/secure.gravatar.com\\\/avatar\\\/af30f88a1904294c1f3eb09a9d7903eec4ffa18fa2cf40c28a8681014ecdfc20?s=96&d=mm&r=g\",\"contentUrl\":\"https:\\\/\\\/secure.gravatar.com\\\/avatar\\\/af30f88a1904294c1f3eb09a9d7903eec4ffa18fa2cf40c28a8681014ecdfc20?s=96&d=mm&r=g\",\"caption\":\"digitalservices@avantio.com\"},\"url\":\"https:\\\/\\\/www.homevillas360.com\\\/de\\\/blog\\\/author\\\/digitalservicesavantio-com\\\/\"}]}<\/script>\n<!-- \/ Yoast SEO plugin. -->","yoast_head_json":{"title":"Was man im Sommer auf Mallorca unternehmen kann","description":"Entdecken Sie Mallorcas Sommerhighlights: Str\u00e4nde, Ausfl\u00fcge, charmante D\u00f6rfer und die perfekten Unterk\u00fcnfte f\u00fcr Ihre Reise.","robots":{"index":"index","follow":"follow","max-snippet":"max-snippet:-1","max-image-preview":"max-image-preview:large","max-video-preview":"max-video-preview:-1"},"canonical":"https:\/\/www.homevillas360.com\/de\/blog\/was-man-im-sommer-auf-mallorca\/","og_locale":"de_DE","og_type":"article","og_title":"Was man im Sommer auf Mallorca unternehmen kann","og_description":"Entdecken Sie Mallorcas Sommerhighlights: Str\u00e4nde, Ausfl\u00fcge, charmante D\u00f6rfer und die perfekten Unterk\u00fcnfte f\u00fcr Ihre Reise.","og_url":"https:\/\/www.homevillas360.com\/de\/blog\/was-man-im-sommer-auf-mallorca\/","og_site_name":"Holiday rentals in Majorca | Home Villas 360","article_published_time":"2026-06-11T14:21:51+00:00","article_modified_time":"2026-06-11T14:29:57+00:00","og_image":[{"width":1920,"height":888,"url":"https:\/\/www.homevillas360.com\/wp-content\/uploads\/2026\/05\/que-hacer-en-mallorca-en-verano.webp","type":"image\/webp"}],"author":"digitalservices@avantio.com","twitter_card":"summary_large_image","twitter_misc":{"Verfasst von":"digitalservices@avantio.com","Gesch\u00e4tzte Lesezeit":"2\u00a0Minuten"},"schema":{"@context":"https:\/\/schema.org","@graph":[{"@type":"Article","@id":"https:\/\/www.homevillas360.com\/de\/blog\/was-man-im-sommer-auf-mallorca\/#article","isPartOf":{"@id":"https:\/\/www.homevillas360.com\/de\/blog\/was-man-im-sommer-auf-mallorca\/"},"author":{"name":"digitalservices@avantio.com","@id":"https:\/\/www.homevillas360.com\/de\/#\/schema\/person\/d28732b4b3236341b9d6a67b70f76280"},"headline":"Was man im Sommer auf Mallorca unternehmen kann: Tipps und beste Unterk\u00fcnfte","datePublished":"2026-06-11T14:21:51+00:00","dateModified":"2026-06-11T14:29:57+00:00","mainEntityOfPage":{"@id":"https:\/\/www.homevillas360.com\/de\/blog\/was-man-im-sommer-auf-mallorca\/"},"wordCount":1158,"commentCount":0,"publisher":{"@id":"https:\/\/www.homevillas360.com\/de\/#organization"},"image":{"@id":"https:\/\/www.homevillas360.com\/de\/blog\/was-man-im-sommer-auf-mallorca\/#primaryimage"},"thumbnailUrl":"https:\/\/www.homevillas360.com\/wp-content\/uploads\/2026\/05\/que-hacer-en-mallorca-en-verano.webp","articleSection":["Mallorca"],"inLanguage":"de","potentialAction":[{"@type":"CommentAction","name":"Comment","target":["https:\/\/www.homevillas360.com\/de\/blog\/was-man-im-sommer-auf-mallorca\/#respond"]}]},{"@type":"WebPage","@id":"https:\/\/www.homevillas360.com\/de\/blog\/was-man-im-sommer-auf-mallorca\/","url":"https:\/\/www.homevillas360.com\/de\/blog\/was-man-im-sommer-auf-mallorca\/","name":"Was man im Sommer auf Mallorca unternehmen kann","isPartOf":{"@id":"https:\/\/www.homevillas360.com\/de\/#website"},"primaryImageOfPage":{"@id":"https:\/\/www.homevillas360.com\/de\/blog\/was-man-im-sommer-auf-mallorca\/#primaryimage"},"image":{"@id":"https:\/\/www.homevillas360.com\/de\/blog\/was-man-im-sommer-auf-mallorca\/#primaryimage"},"thumbnailUrl":"https:\/\/www.homevillas360.com\/wp-content\/uploads\/2026\/05\/que-hacer-en-mallorca-en-verano.webp","datePublished":"2026-06-11T14:21:51+00:00","dateModified":"2026-06-11T14:29:57+00:00","description":"Entdecken Sie Mallorcas Sommerhighlights: Str\u00e4nde, Ausfl\u00fcge, charmante D\u00f6rfer und die perfekten Unterk\u00fcnfte f\u00fcr Ihre Reise.","breadcrumb":{"@id":"https:\/\/www.homevillas360.com\/de\/blog\/was-man-im-sommer-auf-mallorca\/#breadcrumb"},"inLanguage":"de","potentialAction":[{"@type":"ReadAction","target":["https:\/\/www.homevillas360.com\/de\/blog\/was-man-im-sommer-auf-mallorca\/"]}]},{"@type":"ImageObject","inLanguage":"de","@id":"https:\/\/www.homevillas360.com\/de\/blog\/was-man-im-sommer-auf-mallorca\/#primaryimage","url":"https:\/\/www.homevillas360.com\/wp-content\/uploads\/2026\/05\/que-hacer-en-mallorca-en-verano.webp","contentUrl":"https:\/\/www.homevillas360.com\/wp-content\/uploads\/2026\/05\/que-hacer-en-mallorca-en-verano.webp","width":1920,"height":888,"caption":"que hacer en mallorca en verano"},{"@type":"BreadcrumbList","@id":"https:\/\/www.homevillas360.com\/de\/blog\/was-man-im-sommer-auf-mallorca\/#breadcrumb","itemListElement":[{"@type":"ListItem","position":1,"name":"Portada","item":"https:\/\/www.homevillas360.com\/de\/"},{"@type":"ListItem","position":2,"name":"Was man im Sommer auf Mallorca unternehmen kann: Tipps und beste Unterk\u00fcnfte"}]},{"@type":"WebSite","@id":"https:\/\/www.homevillas360.com\/de\/#website","url":"https:\/\/www.homevillas360.com\/de\/","name":"Holiday rentals in Majorca |Home Villas 360","description":"","publisher":{"@id":"https:\/\/www.homevillas360.com\/de\/#organization"},"potentialAction":[{"@type":"SearchAction","target":{"@type":"EntryPoint","urlTemplate":"https:\/\/www.homevillas360.com\/de\/?s={search_term_string}"},"query-input":{"@type":"PropertyValueSpecification","valueRequired":true,"valueName":"search_term_string"}}],"inLanguage":"de"},{"@type":"Organization","@id":"https:\/\/www.homevillas360.com\/de\/#organization","name":"Holiday rentals in Majorca |Home Villas 360","url":"https:\/\/www.homevillas360.com\/de\/","logo":{"@type":"ImageObject","inLanguage":"de","@id":"https:\/\/www.homevillas360.com\/de\/#\/schema\/logo\/image\/","url":"https:\/\/www.homevillas360.com\/wp-content\/uploads\/2025\/12\/home-villas-360-color.png","contentUrl":"https:\/\/www.homevillas360.com\/wp-content\/uploads\/2025\/12\/home-villas-360-color.png","width":400,"height":114,"caption":"Holiday rentals in Majorca |Home Villas 360"},"image":{"@id":"https:\/\/www.homevillas360.com\/de\/#\/schema\/logo\/image\/"}},{"@type":"Person","@id":"https:\/\/www.homevillas360.com\/de\/#\/schema\/person\/d28732b4b3236341b9d6a67b70f76280","name":"digitalservices@avantio.com","image":{"@type":"ImageObject","inLanguage":"de","@id":"https:\/\/secure.gravatar.com\/avatar\/af30f88a1904294c1f3eb09a9d7903eec4ffa18fa2cf40c28a8681014ecdfc20?s=96&d=mm&r=g","url":"https:\/\/secure.gravatar.com\/avatar\/af30f88a1904294c1f3eb09a9d7903eec4ffa18fa2cf40c28a8681014ecdfc20?s=96&d=mm&r=g","contentUrl":"https:\/\/secure.gravatar.com\/avatar\/af30f88a1904294c1f3eb09a9d7903eec4ffa18fa2cf40c28a8681014ecdfc20?s=96&d=mm&r=g","caption":"digitalservices@avantio.com"},"url":"https:\/\/www.homevillas360.com\/de\/blog\/author\/digitalservicesavantio-com\/"}]}},"jetpack_sharing_enabled":true,"jetpack_featured_media_url":"https:\/\/www.homevillas360.com\/wp-content\/uploads\/2026\/05\/que-hacer-en-mallorca-en-verano.webp","_links":{"self":[{"href":"https:\/\/www.homevillas360.com\/de\/wp-json\/wp\/v2\/posts\/4238","targetHints":{"allow":["GET"]}}],"collection":[{"href":"https:\/\/www.homevillas360.com\/de\/wp-json\/wp\/v2\/posts"}],"about":[{"href":"https:\/\/www.homevillas360.com\/de\/wp-json\/wp\/v2\/types\/post"}],"author":[{"embeddable":true,"href":"https:\/\/www.homevillas360.com\/de\/wp-json\/wp\/v2\/users\/2"}],"replies":[{"embeddable":true,"href":"https:\/\/www.homevillas360.com\/de\/wp-json\/wp\/v2\/comments?post=4238"}],"version-history":[{"count":4,"href":"https:\/\/www.homevillas360.com\/de\/wp-json\/wp\/v2\/posts\/4238\/revisions"}],"predecessor-version":[{"id":4357,"href":"https:\/\/www.homevillas360.com\/de\/wp-json\/wp\/v2\/posts\/4238\/revisions\/4357"}],"wp:featuredmedia":[{"embeddable":true,"href":"https:\/\/www.homevillas360.com\/de\/wp-json\/wp\/v2\/media\/4216"}],"wp:attachment":[{"href":"https:\/\/www.homevillas360.com\/de\/wp-json\/wp\/v2\/media?parent=4238"}],"wp:term":[{"taxonomy":"category","embeddable":true,"href":"https:\/\/www.homevillas360.com\/de\/wp-json\/wp\/v2\/categories?post=4238"},{"taxonomy":"post_tag","embeddable":true,"href":"https:\/\/www.homevillas360.com\/de\/wp-json\/wp\/v2\/tags?post=4238"}],"curies":[{"name":"wp","href":"https:\/\/api.w.org\/{rel}","templated":true}]}}